{"id":1284,"date":"2024-05-07T16:30:43","date_gmt":"2024-05-07T16:30:43","guid":{"rendered":"https:\/\/tortajadaadvocats.es\/?p=1284"},"modified":"2024-05-07T16:30:43","modified_gmt":"2024-05-07T16:30:43","slug":"minoracion-o-extincion-de-la-prestacion-compensatoria-en-cataluna","status":"publish","type":"post","link":"https:\/\/tortajadaadvocats.es\/es\/minoracion-o-extincion-de-la-prestacion-compensatoria-en-cataluna\/","title":{"rendered":"Minoraci\u00f3n o extinci\u00f3n de la prestaci\u00f3n compensatoria en Catalu\u00f1a"},"content":{"rendered":"<p><span style=\"font-weight: 400;\">La prestaci\u00f3n compensatoria se vio introducida por el <strong>Libro Segundo del C\u00f3digo Civil de Catalu\u00f1a<\/strong> como una especie de indemnizaci\u00f3n temporal a favor del c\u00f3nyuge que ve su situaci\u00f3n econ\u00f3mica minorada a ra\u00edz del divorcio o separaci\u00f3n, suponi\u00e9ndole un nivel de vida inferior del que gozaba durante el matrimonio, para garantizar, posteriormente, su independencia econ\u00f3mica.<\/span><\/p>\n<p><span style=\"font-weight: 400;\">Anteriormente, en el C\u00f3digo de Familia de Catalu\u00f1a se denominaba pensi\u00f3n compensatoria, y su naturaleza era diferente, siendo totalmente indemnizatoria.\u00a0\u00a0\u00a0<\/span><\/p>\n<p><span style=\"font-weight: 400;\">La diferenciaci\u00f3n conceptual, entre pensi\u00f3n y prestaci\u00f3n compensatoria, no fue en balde: <strong>el Tribunal Superior de Justicia de Catalu\u00f1a, haciendo alusi\u00f3n al pre\u00e1mbulo del Libro Segundo del C\u00f3digo Civil de Catalu\u00f1a, ya ha expuesto en varias ocasiones (Sentencia de 23 de julio de 2.015), que, si bien anteriormente, la pensi\u00f3n compensatoria se reconoc\u00eda como una garant\u00eda para que el c\u00f3nyuge no beneficiado por el divorcio pudiese sostenerse vitalmente con car\u00e1cter de permanencia, actualmente, la prestaci\u00f3n compensatoria obedece a otra naturaleza, consistente en garantizar al c\u00f3nyuge desfavorecido por el divorcio un sustento durante un tiempo limitado para poder ser capaz de mantenerse por s\u00ed mismo con posterioridad (el art\u00edculo 233-17 del C\u00f3digo Civil de Catalu\u00f1a establece la limitaci\u00f3n temporal del concepto).\u00a0<\/strong><\/span><\/p>\n<p><span style=\"font-weight: 400;\">De ello se desprende, sin atisbo a dudas, que la naturaleza del concepto se ha visto modificada, suponiendo ello la posibilidad de solicitar la modificaci\u00f3n, e incluso, la extinci\u00f3n de la pensi\u00f3n compensatoria acordada, en virtud del C\u00f3digo de Familia de Catalu\u00f1a. Por ejemplo, con anterioridad a la entrada en vigor del Libro Segundo del C\u00f3digo Civil de Catalu\u00f1a, y en aplicaci\u00f3n de lo expuesto con anterioridad, se acordaban pensiones compensatorias vitalicias, y con esta nueva naturaleza de la prestaci\u00f3n compensatoria, puede solicitarse su minoraci\u00f3n y\/o extinci\u00f3n (siempre que se den una serie de requisitos).\u00a0<\/span><\/p>\n<p><span style=\"font-weight: 400;\"><strong>Tanto la solicitud de modificaci\u00f3n como la de extinci\u00f3n deben articularse a trav\u00e9s de la figura del procedimiento de modificaci\u00f3n de medidas definitivas.<\/strong> Por dicho motivo, deber\u00e1 acreditarse una nueva situaci\u00f3n no tenida en cuenta en el momento en que se acord\u00f3 la medida correspondiente a la prestaci\u00f3n compensatoria: recibir una herencia, ser beneficiario de un premio econ\u00f3mico, haber venido a mejor fortuna o encontrarse conviviendo con una nueva pareja.\u00a0<\/span><\/p>\n<p><strong>Respecto de la extinci\u00f3n, el art\u00edculo 233-18 del C\u00f3digo Civil de Catalu\u00f1a recoge, taxativamente, los supuestos en que cabe:<\/strong><\/p>\n<ol>\n<li style=\"font-weight: 400;\" aria-level=\"1\"><span style=\"font-weight: 400;\">Mejora de la situaci\u00f3n econ\u00f3mica del c\u00f3nyuge que la recibe, siempre que sea suficientemente justificada.<\/span><\/li>\n<li style=\"font-weight: 400;\" aria-level=\"1\"><span style=\"font-weight: 400;\">Empeoramiento de la situaci\u00f3n econ\u00f3mica del c\u00f3nyuge que la paga, siempre que sea suficientemente justificada.<\/span><\/li>\n<li style=\"font-weight: 400;\" aria-level=\"1\"><span style=\"font-weight: 400;\">Por contraer matrimonio el que la percibe.<\/span><\/li>\n<li style=\"font-weight: 400;\" aria-level=\"1\"><span style=\"font-weight: 400;\">Por fallecimiento del c\u00f3nyuge que la paga<\/span><\/li>\n<\/ol>\n<p><span style=\"font-weight: 400;\">Por lo que respecta a la modificaci\u00f3n, y, por ende, minoraci\u00f3n, el art\u00edculo 233-19 del C\u00f3digo Civil de Catalu\u00f1a establece que \u00fanicamente cabr\u00e1 la misma si mejora la situaci\u00f3n econ\u00f3mica de quien la percibe o empeora la de quien la paga. <strong>Por lo tanto, en el caso de que se d\u00e9 una mejora del deudor o una disminuci\u00f3n del acreedor, deberemos estar caso por caso, siendo el juez el que considere si nos encontramos ante una minoraci\u00f3n o una extinci\u00f3n de la prestaci\u00f3n compensatoria.\u00a0\u00a0<\/strong><\/span><\/p>\n<p><strong>\u00bfTe ayudamos? En <a href=\"https:\/\/tortajadaadvocats.es\" target=\"_blank\" rel=\"noopener\">Tortajada Advocats<\/a> somos expertos en gestionar casos como el tuyo. <a href=\"https:\/\/tortajadaadvocats.es\/contacte\/\" target=\"_blank\" rel=\"noopener\">Contacta con nosotros para un asesoramiento personalizado.<\/a><\/strong><\/p>\n<p><br style=\"font-weight: 400;\" \/><\/p>\n","protected":false},"excerpt":{"rendered":"<p>La prestaci\u00f3n compensatoria se vio introducida por el Libro Segundo del C\u00f3digo Civil de Catalu\u00f1a como una especie de indemnizaci\u00f3n temporal a favor del c\u00f3nyuge que ve su situaci\u00f3n econ\u00f3mica minorada a ra\u00edz del divorcio o separaci\u00f3n, suponi\u00e9ndole un nivel de vida inferior del que gozaba durante el matrimonio, para garantizar, posteriormente, su independencia econ\u00f3mica.&hellip;<\/p>\n","protected":false},"author":2,"featured_media":1285,"comment_status":"open","ping_status":"closed","sticky":false,"template":"","format":"standard","meta":{"footnotes":"","_joinchat":[]},"categories":[29],"tags":[],"post_series":[],"yoast_head":"<!-- This site is optimized with the Yoast SEO plugin v21.6 - https:\/\/yoast.com\/wordpress\/plugins\/seo\/ -->\n<title>Minoraci\u00f3n o extinci\u00f3n de la prestaci\u00f3n compensatoria en Catalu\u00f1a - Tortajada Advocats<\/title>\n<meta name=\"description\" content=\"La compensaci\u00f3n econ\u00f3mica temporal garantiza la independencia financiera del c\u00f3nyuge tras un divorcio o separaci\u00f3n.\" \/>\n<meta name=\"robots\" content=\"index, follow, max-snippet:-1, max-image-preview:large, max-video-preview:-1\" \/>\n<link rel=\"canonical\" href=\"https:\/\/tortajadaadvocats.es\/es\/minoracion-o-extincion-de-la-prestacion-compensatoria-en-cataluna\/\" \/>\n<meta property=\"og:locale\" content=\"es_ES\" \/>\n<meta property=\"og:type\" content=\"article\" \/>\n<meta property=\"og:title\" content=\"Minoraci\u00f3n o extinci\u00f3n de la prestaci\u00f3n compensatoria en Catalu\u00f1a - Tortajada Advocats\" \/>\n<meta property=\"og:description\" content=\"La compensaci\u00f3n econ\u00f3mica temporal garantiza la independencia financiera del c\u00f3nyuge tras un divorcio o separaci\u00f3n.\" \/>\n<meta property=\"og:url\" content=\"https:\/\/tortajadaadvocats.es\/es\/minoracion-o-extincion-de-la-prestacion-compensatoria-en-cataluna\/\" \/>\n<meta property=\"og:site_name\" content=\"Tortajada Advocats\" \/>\n<meta property=\"article:published_time\" content=\"2024-05-07T16:30:43+00:00\" \/>\n<meta property=\"og:image\" content=\"https:\/\/tortajadaadvocats.es\/wp-content\/uploads\/2024\/05\/banner_Torta-1024x512.png\" \/>\n\t<meta property=\"og:image:width\" content=\"1024\" \/>\n\t<meta property=\"og:image:height\" content=\"512\" \/>\n\t<meta property=\"og:image:type\" content=\"image\/png\" \/>\n<meta name=\"author\" content=\"Alba Gatell\" \/>\n<meta name=\"twitter:card\" content=\"summary_large_image\" \/>\n<meta name=\"twitter:label1\" content=\"Escrito por\" \/>\n\t<meta name=\"twitter:data1\" content=\"Alba Gatell\" \/>\n\t<meta name=\"twitter:label2\" content=\"Tiempo de lectura\" \/>\n\t<meta name=\"twitter:data2\" content=\"3 minutos\" \/>\n<script type=\"application\/ld+json\" class=\"yoast-schema-graph\">{\"@context\":\"https:\/\/schema.org\",\"@graph\":[{\"@type\":\"Article\",\"@id\":\"https:\/\/tortajadaadvocats.es\/es\/minoracion-o-extincion-de-la-prestacion-compensatoria-en-cataluna\/#article\",\"isPartOf\":{\"@id\":\"https:\/\/tortajadaadvocats.es\/es\/minoracion-o-extincion-de-la-prestacion-compensatoria-en-cataluna\/\"},\"author\":{\"name\":\"Alba Gatell\",\"@id\":\"https:\/\/tortajadaadvocats.es\/#\/schema\/person\/66fb04b888532563154c919e6ed8c6e5\"},\"headline\":\"Minoraci\u00f3n o extinci\u00f3n de la prestaci\u00f3n compensatoria en Catalu\u00f1a\",\"datePublished\":\"2024-05-07T16:30:43+00:00\",\"dateModified\":\"2024-05-07T16:30:43+00:00\",\"mainEntityOfPage\":{\"@id\":\"https:\/\/tortajadaadvocats.es\/es\/minoracion-o-extincion-de-la-prestacion-compensatoria-en-cataluna\/\"},\"wordCount\":612,\"commentCount\":0,\"publisher\":{\"@id\":\"https:\/\/tortajadaadvocats.es\/#organization\"},\"articleSection\":[\"Sin categorizar\"],\"inLanguage\":\"es\",\"potentialAction\":[{\"@type\":\"CommentAction\",\"name\":\"Comment\",\"target\":[\"https:\/\/tortajadaadvocats.es\/es\/minoracion-o-extincion-de-la-prestacion-compensatoria-en-cataluna\/#respond\"]}]},{\"@type\":\"WebPage\",\"@id\":\"https:\/\/tortajadaadvocats.es\/es\/minoracion-o-extincion-de-la-prestacion-compensatoria-en-cataluna\/\",\"url\":\"https:\/\/tortajadaadvocats.es\/es\/minoracion-o-extincion-de-la-prestacion-compensatoria-en-cataluna\/\",\"name\":\"Minoraci\u00f3n o extinci\u00f3n de la prestaci\u00f3n compensatoria en Catalu\u00f1a - Tortajada Advocats\",\"isPartOf\":{\"@id\":\"https:\/\/tortajadaadvocats.es\/#website\"},\"datePublished\":\"2024-05-07T16:30:43+00:00\",\"dateModified\":\"2024-05-07T16:30:43+00:00\",\"description\":\"La compensaci\u00f3n econ\u00f3mica temporal garantiza la independencia financiera del c\u00f3nyuge tras un divorcio o separaci\u00f3n.\",\"breadcrumb\":{\"@id\":\"https:\/\/tortajadaadvocats.es\/es\/minoracion-o-extincion-de-la-prestacion-compensatoria-en-cataluna\/#breadcrumb\"},\"inLanguage\":\"es\",\"potentialAction\":[{\"@type\":\"ReadAction\",\"target\":[\"https:\/\/tortajadaadvocats.es\/es\/minoracion-o-extincion-de-la-prestacion-compensatoria-en-cataluna\/\"]}]},{\"@type\":\"BreadcrumbList\",\"@id\":\"https:\/\/tortajadaadvocats.es\/es\/minoracion-o-extincion-de-la-prestacion-compensatoria-en-cataluna\/#breadcrumb\",\"itemListElement\":[{\"@type\":\"ListItem\",\"position\":1,\"name\":\"Home\",\"item\":\"https:\/\/tortajadaadvocats.es\/es\/\"},{\"@type\":\"ListItem\",\"position\":2,\"name\":\"Minoraci\u00f3n o extinci\u00f3n de la prestaci\u00f3n compensatoria en Catalu\u00f1a\"}]},{\"@type\":\"WebSite\",\"@id\":\"https:\/\/tortajadaadvocats.es\/#website\",\"url\":\"https:\/\/tortajadaadvocats.es\/\",\"name\":\"Tortajada Advocats\",\"description\":\"Bufete de abogados en Sabadell\",\"publisher\":{\"@id\":\"https:\/\/tortajadaadvocats.es\/#organization\"},\"potentialAction\":[{\"@type\":\"SearchAction\",\"target\":{\"@type\":\"EntryPoint\",\"urlTemplate\":\"https:\/\/tortajadaadvocats.es\/?s={search_term_string}\"},\"query-input\":\"required name=search_term_string\"}],\"inLanguage\":\"es\"},{\"@type\":\"Organization\",\"@id\":\"https:\/\/tortajadaadvocats.es\/#organization\",\"name\":\"Tortajada Advocats\",\"url\":\"https:\/\/tortajadaadvocats.es\/\",\"logo\":{\"@type\":\"ImageObject\",\"inLanguage\":\"es\",\"@id\":\"https:\/\/tortajadaadvocats.es\/#\/schema\/logo\/image\/\",\"url\":\"https:\/\/tortajadaadvocats.es\/wp-content\/uploads\/2023\/06\/logo-Tortajada-advocats-abogados-sabadell-advocats.png\",\"contentUrl\":\"https:\/\/tortajadaadvocats.es\/wp-content\/uploads\/2023\/06\/logo-Tortajada-advocats-abogados-sabadell-advocats.png\",\"width\":639,\"height\":203,\"caption\":\"Tortajada Advocats\"},\"image\":{\"@id\":\"https:\/\/tortajadaadvocats.es\/#\/schema\/logo\/image\/\"}},{\"@type\":\"Person\",\"@id\":\"https:\/\/tortajadaadvocats.es\/#\/schema\/person\/66fb04b888532563154c919e6ed8c6e5\",\"name\":\"Alba Gatell\",\"image\":{\"@type\":\"ImageObject\",\"inLanguage\":\"es\",\"@id\":\"https:\/\/tortajadaadvocats.es\/#\/schema\/person\/image\/\",\"url\":\"https:\/\/secure.gravatar.com\/avatar\/18b93f5aa24d06b651aa7719e5450981?s=96&d=mm&r=g\",\"contentUrl\":\"https:\/\/secure.gravatar.com\/avatar\/18b93f5aa24d06b651aa7719e5450981?s=96&d=mm&r=g\",\"caption\":\"Alba Gatell\"},\"url\":\"https:\/\/tortajadaadvocats.es\/es\/author\/albagatell\/\"}]}<\/script>\n<!-- \/ Yoast SEO plugin. -->","yoast_head_json":{"title":"Minoraci\u00f3n o extinci\u00f3n de la prestaci\u00f3n compensatoria en Catalu\u00f1a - Tortajada Advocats","description":"La compensaci\u00f3n econ\u00f3mica temporal garantiza la independencia financiera del c\u00f3nyuge tras un divorcio o separaci\u00f3n.","robots":{"index":"index","follow":"follow","max-snippet":"max-snippet:-1","max-image-preview":"max-image-preview:large","max-video-preview":"max-video-preview:-1"},"canonical":"https:\/\/tortajadaadvocats.es\/es\/minoracion-o-extincion-de-la-prestacion-compensatoria-en-cataluna\/","og_locale":"es_ES","og_type":"article","og_title":"Minoraci\u00f3n o extinci\u00f3n de la prestaci\u00f3n compensatoria en Catalu\u00f1a - Tortajada Advocats","og_description":"La compensaci\u00f3n econ\u00f3mica temporal garantiza la independencia financiera del c\u00f3nyuge tras un divorcio o separaci\u00f3n.","og_url":"https:\/\/tortajadaadvocats.es\/es\/minoracion-o-extincion-de-la-prestacion-compensatoria-en-cataluna\/","og_site_name":"Tortajada Advocats","article_published_time":"2024-05-07T16:30:43+00:00","og_image":[{"width":1024,"height":512,"url":"https:\/\/tortajadaadvocats.es\/wp-content\/uploads\/2024\/05\/banner_Torta-1024x512.png","type":"image\/png"}],"author":"Alba Gatell","twitter_card":"summary_large_image","twitter_misc":{"Escrito por":"Alba Gatell","Tiempo de lectura":"3 minutos"},"schema":{"@context":"https:\/\/schema.org","@graph":[{"@type":"Article","@id":"https:\/\/tortajadaadvocats.es\/es\/minoracion-o-extincion-de-la-prestacion-compensatoria-en-cataluna\/#article","isPartOf":{"@id":"https:\/\/tortajadaadvocats.es\/es\/minoracion-o-extincion-de-la-prestacion-compensatoria-en-cataluna\/"},"author":{"name":"Alba Gatell","@id":"https:\/\/tortajadaadvocats.es\/#\/schema\/person\/66fb04b888532563154c919e6ed8c6e5"},"headline":"Minoraci\u00f3n o extinci\u00f3n de la prestaci\u00f3n compensatoria en Catalu\u00f1a","datePublished":"2024-05-07T16:30:43+00:00","dateModified":"2024-05-07T16:30:43+00:00","mainEntityOfPage":{"@id":"https:\/\/tortajadaadvocats.es\/es\/minoracion-o-extincion-de-la-prestacion-compensatoria-en-cataluna\/"},"wordCount":612,"commentCount":0,"publisher":{"@id":"https:\/\/tortajadaadvocats.es\/#organization"},"articleSection":["Sin categorizar"],"inLanguage":"es","potentialAction":[{"@type":"CommentAction","name":"Comment","target":["https:\/\/tortajadaadvocats.es\/es\/minoracion-o-extincion-de-la-prestacion-compensatoria-en-cataluna\/#respond"]}]},{"@type":"WebPage","@id":"https:\/\/tortajadaadvocats.es\/es\/minoracion-o-extincion-de-la-prestacion-compensatoria-en-cataluna\/","url":"https:\/\/tortajadaadvocats.es\/es\/minoracion-o-extincion-de-la-prestacion-compensatoria-en-cataluna\/","name":"Minoraci\u00f3n o extinci\u00f3n de la prestaci\u00f3n compensatoria en Catalu\u00f1a - Tortajada Advocats","isPartOf":{"@id":"https:\/\/tortajadaadvocats.es\/#website"},"datePublished":"2024-05-07T16:30:43+00:00","dateModified":"2024-05-07T16:30:43+00:00","description":"La compensaci\u00f3n econ\u00f3mica temporal garantiza la independencia financiera del c\u00f3nyuge tras un divorcio o separaci\u00f3n.","breadcrumb":{"@id":"https:\/\/tortajadaadvocats.es\/es\/minoracion-o-extincion-de-la-prestacion-compensatoria-en-cataluna\/#breadcrumb"},"inLanguage":"es","potentialAction":[{"@type":"ReadAction","target":["https:\/\/tortajadaadvocats.es\/es\/minoracion-o-extincion-de-la-prestacion-compensatoria-en-cataluna\/"]}]},{"@type":"BreadcrumbList","@id":"https:\/\/tortajadaadvocats.es\/es\/minoracion-o-extincion-de-la-prestacion-compensatoria-en-cataluna\/#breadcrumb","itemListElement":[{"@type":"ListItem","position":1,"name":"Home","item":"https:\/\/tortajadaadvocats.es\/es\/"},{"@type":"ListItem","position":2,"name":"Minoraci\u00f3n o extinci\u00f3n de la prestaci\u00f3n compensatoria en Catalu\u00f1a"}]},{"@type":"WebSite","@id":"https:\/\/tortajadaadvocats.es\/#website","url":"https:\/\/tortajadaadvocats.es\/","name":"Tortajada Advocats","description":"Bufete de abogados en Sabadell","publisher":{"@id":"https:\/\/tortajadaadvocats.es\/#organization"},"potentialAction":[{"@type":"SearchAction","target":{"@type":"EntryPoint","urlTemplate":"https:\/\/tortajadaadvocats.es\/?s={search_term_string}"},"query-input":"required name=search_term_string"}],"inLanguage":"es"},{"@type":"Organization","@id":"https:\/\/tortajadaadvocats.es\/#organization","name":"Tortajada Advocats","url":"https:\/\/tortajadaadvocats.es\/","logo":{"@type":"ImageObject","inLanguage":"es","@id":"https:\/\/tortajadaadvocats.es\/#\/schema\/logo\/image\/","url":"https:\/\/tortajadaadvocats.es\/wp-content\/uploads\/2023\/06\/logo-Tortajada-advocats-abogados-sabadell-advocats.png","contentUrl":"https:\/\/tortajadaadvocats.es\/wp-content\/uploads\/2023\/06\/logo-Tortajada-advocats-abogados-sabadell-advocats.png","width":639,"height":203,"caption":"Tortajada Advocats"},"image":{"@id":"https:\/\/tortajadaadvocats.es\/#\/schema\/logo\/image\/"}},{"@type":"Person","@id":"https:\/\/tortajadaadvocats.es\/#\/schema\/person\/66fb04b888532563154c919e6ed8c6e5","name":"Alba Gatell","image":{"@type":"ImageObject","inLanguage":"es","@id":"https:\/\/tortajadaadvocats.es\/#\/schema\/person\/image\/","url":"https:\/\/secure.gravatar.com\/avatar\/18b93f5aa24d06b651aa7719e5450981?s=96&d=mm&r=g","contentUrl":"https:\/\/secure.gravatar.com\/avatar\/18b93f5aa24d06b651aa7719e5450981?s=96&d=mm&r=g","caption":"Alba Gatell"},"url":"https:\/\/tortajadaadvocats.es\/es\/author\/albagatell\/"}]}},"_links":{"self":[{"href":"https:\/\/tortajadaadvocats.es\/es\/wp-json\/wp\/v2\/posts\/1284"}],"collection":[{"href":"https:\/\/tortajadaadvocats.es\/es\/wp-json\/wp\/v2\/posts"}],"about":[{"href":"https:\/\/tortajadaadvocats.es\/es\/wp-json\/wp\/v2\/types\/post"}],"author":[{"embeddable":true,"href":"https:\/\/tortajadaadvocats.es\/es\/wp-json\/wp\/v2\/users\/2"}],"replies":[{"embeddable":true,"href":"https:\/\/tortajadaadvocats.es\/es\/wp-json\/wp\/v2\/comments?post=1284"}],"version-history":[{"count":3,"href":"https:\/\/tortajadaadvocats.es\/es\/wp-json\/wp\/v2\/posts\/1284\/revisions"}],"predecessor-version":[{"id":1289,"href":"https:\/\/tortajadaadvocats.es\/es\/wp-json\/wp\/v2\/posts\/1284\/revisions\/1289"}],"wp:featuredmedia":[{"embeddable":true,"href":"https:\/\/tortajadaadvocats.es\/es\/wp-json\/wp\/v2\/media\/1285"}],"wp:attachment":[{"href":"https:\/\/tortajadaadvocats.es\/es\/wp-json\/wp\/v2\/media?parent=1284"}],"wp:term":[{"taxonomy":"category","embeddable":true,"href":"https:\/\/tortajadaadvocats.es\/es\/wp-json\/wp\/v2\/categories?post=1284"},{"taxonomy":"post_tag","embeddable":true,"href":"https:\/\/tortajadaadvocats.es\/es\/wp-json\/wp\/v2\/tags?post=1284"},{"taxonomy":"post_series","embeddable":true,"href":"https:\/\/tortajadaadvocats.es\/es\/wp-json\/wp\/v2\/post_series?post=1284"}],"curies":[{"name":"wp","href":"https:\/\/api.w.org\/{rel}","templated":true}]}}